{"id":875,"date":"2026-02-18T22:32:59","date_gmt":"2026-02-18T21:32:59","guid":{"rendered":"https:\/\/les-chiendents.fr\/?p=875"},"modified":"2026-02-18T22:33:01","modified_gmt":"2026-02-18T21:33:01","slug":"21-11-2021-jugez-vous-memes","status":"publish","type":"post","link":"https:\/\/les-chiendents.fr\/index.php\/2026\/02\/18\/21-11-2021-jugez-vous-memes\/","title":{"rendered":"(21-11-2021) Jugez vous-m\u00eames"},"content":{"rendered":"<div class=\"wp-block-image\">\n<figure class=\"aligncenter size-full is-resized\"><img loading=\"lazy\" decoding=\"async\" width=\"493\" height=\"328\" src=\"https:\/\/les-chiendents.fr\/wp-content\/uploads\/2026\/02\/sommet-de-rio.webp\" alt=\"\" class=\"wp-image-878\" style=\"width:625px;height:auto\" srcset=\"https:\/\/les-chiendents.fr\/wp-content\/uploads\/2026\/02\/sommet-de-rio.webp 493w, https:\/\/les-chiendents.fr\/wp-content\/uploads\/2026\/02\/sommet-de-rio-300x200.webp 300w\" sizes=\"auto, (max-width: 493px) 100vw, 493px\" \/><\/figure>\n<\/div>\n\n\n<div style=\"height:10px\" aria-hidden=\"true\" class=\"wp-block-spacer\"><\/div>\n\n\n\n<p>En mati\u00e8re de lutte pour la pr\u00e9servation de la plan\u00e8te, les faux-culs sont l\u00e9gion : les stup\u00e9factions feintes de la fausse ignorance, les d\u00e9clarations de vertus la main sur le c\u0153ur, les promesses tonitruantes, les larmes de crocodiles devant une jeune militante attendrissante (Severn Suzuki par exemple), on les conna\u00eet. Alors, rien de mieux que de se rafra\u00eechir l\u2019esprit avec cinq dates, distantes de 53 \u00e0 32 ans, pour se rappeler qu\u2019il ne faut pas prendre les vessies politiques pour de lanternes \u00e9cologiques.<\/p>\n\n\n\n<blockquote class=\"wp-block-quote is-layout-flow wp-block-quote-is-layout-flow\">\n<p>2 f\u00e9vrier 1971 : Convention Ramsar, trait\u00e9 pour la pr\u00e9servation des zones humides.<\/p>\n<\/blockquote>\n\n\n\n<blockquote class=\"wp-block-quote is-layout-flow wp-block-quote-is-layout-flow\">\n<p>5 au 16 juin 1972 : Premier sommet de la Terre, dit Conf\u00e9rence de Stockholm et premi\u00e8re r\u00e9f\u00e9rence officielle \u00e0 un r\u00e9chauffement climatique.<\/p>\n<\/blockquote>\n\n\n\n<blockquote class=\"wp-block-quote is-layout-flow wp-block-quote-is-layout-flow\">\n<p>10 au 18 mai 1982 : Sommet de la Terre de Nairobi, inutile. Un four : le pr\u00e9sident des USA, Ronald Reagan, ne s\u2019est m\u00eame pas d\u00e9plac\u00e9.<\/p>\n<\/blockquote>\n\n\n\n<blockquote class=\"wp-block-quote is-layout-flow wp-block-quote-is-layout-flow\">\n<p>1987 : Rapport Bruntland, publication intitul\u00e9e <em>Notre avenir \u00e0 tous<\/em>, par la Commission mondiale sur l\u2019environnement (ONU) pr\u00e9sid\u00e9e par la norv\u00e9gienne G.H.Bruntland, dans laquelle appara\u00eet, pour la premi\u00e8re fois, l\u2019expression <em>sustainable development<\/em> (d\u00e9veloppement durable).<\/p>\n<\/blockquote>\n\n\n\n<blockquote class=\"wp-block-quote is-layout-flow wp-block-quote-is-layout-flow\">\n<p>3 au 14 juin 1992 : Sommet de Rio, coup d\u2019envoi d\u2019un projet ambitieux de lutte mondiale contre le changement climatique. Intervention de Severn Cullis-Suzuki, 12 ans, \u00e0 cette conf\u00e9rence des Nations Unies.<\/p>\n<\/blockquote>\n\n\n\n<p>En attendant la prochaine COP \u00e0 Bakou, capitale p\u00e9troli\u00e8re ! Tout cela en dit long sur l\u2019efficacit\u00e9 des accords mondiaux.<\/p>\n\n\n\n<p>Sans commentaire.<\/p>\n\n\n\n<p><\/p>\n","protected":false},"excerpt":{"rendered":"<p>En mati\u00e8re de lutte pour la pr\u00e9servation de la plan\u00e8te, les faux-culs sont l\u00e9gion : les stup\u00e9factions feintes de la fausse ignorance, les d\u00e9clarations de vertus la main sur le c\u0153ur, les promesses tonitruantes, les larmes de crocodiles devant une jeune militante attendrissante (Severn Suzuki par exemple), on les conna\u00eet. Alors, rien de mieux que&#8230;<\/p>\n","protected":false},"author":1,"featured_media":878,"comment_status":"open","ping_status":"open","sticky":false,"template":"","format":"standard","meta":{"_acf_changed":false,"_kad_post_transparent":"","_kad_post_title":"","_kad_post_layout":"","_kad_post_sidebar_id":"","_kad_post_content_style":"","_kad_post_vertical_padding":"","_kad_post_feature":"","_kad_post_feature_position":"","_kad_post_header":false,"_kad_post_footer":false,"_kad_post_classname":"","footnotes":""},"categories":[13],"tags":[],"class_list":["post-875","post","type-post","status-publish","format-standard","has-post-thumbnail","hentry","category-jugez-vous-memes"],"acf":[],"yoast_head":"<!-- This site is optimized with the Yoast SEO plugin v27.1.1 - https:\/\/yoast.com\/product\/yoast-seo-wordpress\/ -->\n<title>(21-11-2021) Jugez vous-m\u00eames - Les Chiendents<\/title>\n<meta name=\"robots\" content=\"index, follow, max-snippet:-1, max-image-preview:large, max-video-preview:-1\" \/>\n<link rel=\"canonical\" href=\"https:\/\/les-chiendents.fr\/index.php\/2026\/02\/18\/21-11-2021-jugez-vous-memes\/\" \/>\n<meta property=\"og:locale\" content=\"fr_FR\" \/>\n<meta property=\"og:type\" content=\"article\" \/>\n<meta property=\"og:title\" content=\"(21-11-2021) Jugez vous-m\u00eames - Les Chiendents\" \/>\n<meta property=\"og:description\" content=\"En mati\u00e8re de lutte pour la pr\u00e9servation de la plan\u00e8te, les faux-culs sont l\u00e9gion : les stup\u00e9factions feintes de la fausse ignorance, les d\u00e9clarations de vertus la main sur le c\u0153ur, les promesses tonitruantes, les larmes de crocodiles devant une jeune militante attendrissante (Severn Suzuki par exemple), on les conna\u00eet. Alors, rien de mieux que...\" \/>\n<meta property=\"og:url\" content=\"https:\/\/les-chiendents.fr\/index.php\/2026\/02\/18\/21-11-2021-jugez-vous-memes\/\" \/>\n<meta property=\"og:site_name\" content=\"Les Chiendents\" \/>\n<meta property=\"article:published_time\" content=\"2026-02-18T21:32:59+00:00\" \/>\n<meta property=\"article:modified_time\" content=\"2026-02-18T21:33:01+00:00\" \/>\n<meta property=\"og:image\" content=\"https:\/\/les-chiendents.fr\/wp-content\/uploads\/2026\/02\/sommet-de-rio.webp\" \/>\n\t<meta property=\"og:image:width\" content=\"493\" \/>\n\t<meta property=\"og:image:height\" content=\"328\" \/>\n\t<meta property=\"og:image:type\" content=\"image\/webp\" \/>\n<meta name=\"author\" content=\"Scolopendre\" \/>\n<meta name=\"twitter:card\" content=\"summary_large_image\" \/>\n<meta name=\"twitter:label1\" content=\"\u00c9crit par\" \/>\n\t<meta name=\"twitter:data1\" content=\"Scolopendre\" \/>\n\t<meta name=\"twitter:label2\" content=\"Dur\u00e9e de lecture estim\u00e9e\" \/>\n\t<meta name=\"twitter:data2\" content=\"1 minute\" \/>\n<script type=\"application\/ld+json\" class=\"yoast-schema-graph\">{\"@context\":\"https:\/\/schema.org\",\"@graph\":[{\"@type\":\"Article\",\"@id\":\"https:\/\/les-chiendents.fr\/index.php\/2026\/02\/18\/21-11-2021-jugez-vous-memes\/#article\",\"isPartOf\":{\"@id\":\"https:\/\/les-chiendents.fr\/index.php\/2026\/02\/18\/21-11-2021-jugez-vous-memes\/\"},\"author\":{\"name\":\"Scolopendre\",\"@id\":\"https:\/\/les-chiendents.fr\/#\/schema\/person\/f94bb6899784daf39ba42b1e951abd83\"},\"headline\":\"(21-11-2021) Jugez vous-m\u00eames\",\"datePublished\":\"2026-02-18T21:32:59+00:00\",\"dateModified\":\"2026-02-18T21:33:01+00:00\",\"mainEntityOfPage\":{\"@id\":\"https:\/\/les-chiendents.fr\/index.php\/2026\/02\/18\/21-11-2021-jugez-vous-memes\/\"},\"wordCount\":251,\"commentCount\":0,\"publisher\":{\"@id\":\"https:\/\/les-chiendents.fr\/#organization\"},\"image\":{\"@id\":\"https:\/\/les-chiendents.fr\/index.php\/2026\/02\/18\/21-11-2021-jugez-vous-memes\/#primaryimage\"},\"thumbnailUrl\":\"https:\/\/les-chiendents.fr\/wp-content\/uploads\/2026\/02\/sommet-de-rio.webp\",\"articleSection\":[\"Jugez vous-m\u00eames\"],\"inLanguage\":\"fr-FR\",\"potentialAction\":[{\"@type\":\"CommentAction\",\"name\":\"Comment\",\"target\":[\"https:\/\/les-chiendents.fr\/index.php\/2026\/02\/18\/21-11-2021-jugez-vous-memes\/#respond\"]}]},{\"@type\":\"WebPage\",\"@id\":\"https:\/\/les-chiendents.fr\/index.php\/2026\/02\/18\/21-11-2021-jugez-vous-memes\/\",\"url\":\"https:\/\/les-chiendents.fr\/index.php\/2026\/02\/18\/21-11-2021-jugez-vous-memes\/\",\"name\":\"(21-11-2021) Jugez vous-m\u00eames - Les Chiendents\",\"isPartOf\":{\"@id\":\"https:\/\/les-chiendents.fr\/#website\"},\"primaryImageOfPage\":{\"@id\":\"https:\/\/les-chiendents.fr\/index.php\/2026\/02\/18\/21-11-2021-jugez-vous-memes\/#primaryimage\"},\"image\":{\"@id\":\"https:\/\/les-chiendents.fr\/index.php\/2026\/02\/18\/21-11-2021-jugez-vous-memes\/#primaryimage\"},\"thumbnailUrl\":\"https:\/\/les-chiendents.fr\/wp-content\/uploads\/2026\/02\/sommet-de-rio.webp\",\"datePublished\":\"2026-02-18T21:32:59+00:00\",\"dateModified\":\"2026-02-18T21:33:01+00:00\",\"breadcrumb\":{\"@id\":\"https:\/\/les-chiendents.fr\/index.php\/2026\/02\/18\/21-11-2021-jugez-vous-memes\/#breadcrumb\"},\"inLanguage\":\"fr-FR\",\"potentialAction\":[{\"@type\":\"ReadAction\",\"target\":[\"https:\/\/les-chiendents.fr\/index.php\/2026\/02\/18\/21-11-2021-jugez-vous-memes\/\"]}]},{\"@type\":\"ImageObject\",\"inLanguage\":\"fr-FR\",\"@id\":\"https:\/\/les-chiendents.fr\/index.php\/2026\/02\/18\/21-11-2021-jugez-vous-memes\/#primaryimage\",\"url\":\"https:\/\/les-chiendents.fr\/wp-content\/uploads\/2026\/02\/sommet-de-rio.webp\",\"contentUrl\":\"https:\/\/les-chiendents.fr\/wp-content\/uploads\/2026\/02\/sommet-de-rio.webp\",\"width\":493,\"height\":328},{\"@type\":\"BreadcrumbList\",\"@id\":\"https:\/\/les-chiendents.fr\/index.php\/2026\/02\/18\/21-11-2021-jugez-vous-memes\/#breadcrumb\",\"itemListElement\":[{\"@type\":\"ListItem\",\"position\":1,\"name\":\"Accueil\",\"item\":\"https:\/\/les-chiendents.fr\/\"},{\"@type\":\"ListItem\",\"position\":2,\"name\":\"(21-11-2021) Jugez vous-m\u00eames\"}]},{\"@type\":\"WebSite\",\"@id\":\"https:\/\/les-chiendents.fr\/#website\",\"url\":\"https:\/\/les-chiendents.fr\/\",\"name\":\"Les Chiendents\",\"description\":\"&quot;Une mauvaise herbe est une plante dont les vertus n&#039;ont pas encore \u00e9t\u00e9 d\u00e9couvertes.&quot; R.W. Emerson\",\"publisher\":{\"@id\":\"https:\/\/les-chiendents.fr\/#organization\"},\"potentialAction\":[{\"@type\":\"SearchAction\",\"target\":{\"@type\":\"EntryPoint\",\"urlTemplate\":\"https:\/\/les-chiendents.fr\/?s={search_term_string}\"},\"query-input\":{\"@type\":\"PropertyValueSpecification\",\"valueRequired\":true,\"valueName\":\"search_term_string\"}}],\"inLanguage\":\"fr-FR\"},{\"@type\":\"Organization\",\"@id\":\"https:\/\/les-chiendents.fr\/#organization\",\"name\":\"Les Chiendents\",\"url\":\"https:\/\/les-chiendents.fr\/\",\"logo\":{\"@type\":\"ImageObject\",\"inLanguage\":\"fr-FR\",\"@id\":\"https:\/\/les-chiendents.fr\/#\/schema\/logo\/image\/\",\"url\":\"https:\/\/les-chiendents.fr\/wp-content\/uploads\/2024\/12\/logo-chiendents.png\",\"contentUrl\":\"https:\/\/les-chiendents.fr\/wp-content\/uploads\/2024\/12\/logo-chiendents.png\",\"width\":388,\"height\":409,\"caption\":\"Les Chiendents\"},\"image\":{\"@id\":\"https:\/\/les-chiendents.fr\/#\/schema\/logo\/image\/\"},\"sameAs\":[\"https:\/\/www.instagram.com\/les_chiendents\/\"]},{\"@type\":\"Person\",\"@id\":\"https:\/\/les-chiendents.fr\/#\/schema\/person\/f94bb6899784daf39ba42b1e951abd83\",\"name\":\"Scolopendre\",\"image\":{\"@type\":\"ImageObject\",\"inLanguage\":\"fr-FR\",\"@id\":\"https:\/\/les-chiendents.fr\/#\/schema\/person\/image\/\",\"url\":\"https:\/\/secure.gravatar.com\/avatar\/8ce04e9a0ff67b99b0fe850eb00f28309a458bd087a7401dde5963891c52f696?s=96&d=mm&r=g\",\"contentUrl\":\"https:\/\/secure.gravatar.com\/avatar\/8ce04e9a0ff67b99b0fe850eb00f28309a458bd087a7401dde5963891c52f696?s=96&d=mm&r=g\",\"caption\":\"Scolopendre\"},\"sameAs\":[\"http:\/\/les-chiendents.fr\"],\"url\":\"https:\/\/les-chiendents.fr\/index.php\/author\/admin15100\/\"}]}<\/script>\n<!-- \/ Yoast SEO plugin. -->","yoast_head_json":{"title":"(21-11-2021) Jugez vous-m\u00eames - Les Chiendents","robots":{"index":"index","follow":"follow","max-snippet":"max-snippet:-1","max-image-preview":"max-image-preview:large","max-video-preview":"max-video-preview:-1"},"canonical":"https:\/\/les-chiendents.fr\/index.php\/2026\/02\/18\/21-11-2021-jugez-vous-memes\/","og_locale":"fr_FR","og_type":"article","og_title":"(21-11-2021) Jugez vous-m\u00eames - Les Chiendents","og_description":"En mati\u00e8re de lutte pour la pr\u00e9servation de la plan\u00e8te, les faux-culs sont l\u00e9gion : les stup\u00e9factions feintes de la fausse ignorance, les d\u00e9clarations de vertus la main sur le c\u0153ur, les promesses tonitruantes, les larmes de crocodiles devant une jeune militante attendrissante (Severn Suzuki par exemple), on les conna\u00eet. Alors, rien de mieux que...","og_url":"https:\/\/les-chiendents.fr\/index.php\/2026\/02\/18\/21-11-2021-jugez-vous-memes\/","og_site_name":"Les Chiendents","article_published_time":"2026-02-18T21:32:59+00:00","article_modified_time":"2026-02-18T21:33:01+00:00","og_image":[{"width":493,"height":328,"url":"https:\/\/les-chiendents.fr\/wp-content\/uploads\/2026\/02\/sommet-de-rio.webp","type":"image\/webp"}],"author":"Scolopendre","twitter_card":"summary_large_image","twitter_misc":{"\u00c9crit par":"Scolopendre","Dur\u00e9e de lecture estim\u00e9e":"1 minute"},"schema":{"@context":"https:\/\/schema.org","@graph":[{"@type":"Article","@id":"https:\/\/les-chiendents.fr\/index.php\/2026\/02\/18\/21-11-2021-jugez-vous-memes\/#article","isPartOf":{"@id":"https:\/\/les-chiendents.fr\/index.php\/2026\/02\/18\/21-11-2021-jugez-vous-memes\/"},"author":{"name":"Scolopendre","@id":"https:\/\/les-chiendents.fr\/#\/schema\/person\/f94bb6899784daf39ba42b1e951abd83"},"headline":"(21-11-2021) Jugez vous-m\u00eames","datePublished":"2026-02-18T21:32:59+00:00","dateModified":"2026-02-18T21:33:01+00:00","mainEntityOfPage":{"@id":"https:\/\/les-chiendents.fr\/index.php\/2026\/02\/18\/21-11-2021-jugez-vous-memes\/"},"wordCount":251,"commentCount":0,"publisher":{"@id":"https:\/\/les-chiendents.fr\/#organization"},"image":{"@id":"https:\/\/les-chiendents.fr\/index.php\/2026\/02\/18\/21-11-2021-jugez-vous-memes\/#primaryimage"},"thumbnailUrl":"https:\/\/les-chiendents.fr\/wp-content\/uploads\/2026\/02\/sommet-de-rio.webp","articleSection":["Jugez vous-m\u00eames"],"inLanguage":"fr-FR","potentialAction":[{"@type":"CommentAction","name":"Comment","target":["https:\/\/les-chiendents.fr\/index.php\/2026\/02\/18\/21-11-2021-jugez-vous-memes\/#respond"]}]},{"@type":"WebPage","@id":"https:\/\/les-chiendents.fr\/index.php\/2026\/02\/18\/21-11-2021-jugez-vous-memes\/","url":"https:\/\/les-chiendents.fr\/index.php\/2026\/02\/18\/21-11-2021-jugez-vous-memes\/","name":"(21-11-2021) Jugez vous-m\u00eames - Les Chiendents","isPartOf":{"@id":"https:\/\/les-chiendents.fr\/#website"},"primaryImageOfPage":{"@id":"https:\/\/les-chiendents.fr\/index.php\/2026\/02\/18\/21-11-2021-jugez-vous-memes\/#primaryimage"},"image":{"@id":"https:\/\/les-chiendents.fr\/index.php\/2026\/02\/18\/21-11-2021-jugez-vous-memes\/#primaryimage"},"thumbnailUrl":"https:\/\/les-chiendents.fr\/wp-content\/uploads\/2026\/02\/sommet-de-rio.webp","datePublished":"2026-02-18T21:32:59+00:00","dateModified":"2026-02-18T21:33:01+00:00","breadcrumb":{"@id":"https:\/\/les-chiendents.fr\/index.php\/2026\/02\/18\/21-11-2021-jugez-vous-memes\/#breadcrumb"},"inLanguage":"fr-FR","potentialAction":[{"@type":"ReadAction","target":["https:\/\/les-chiendents.fr\/index.php\/2026\/02\/18\/21-11-2021-jugez-vous-memes\/"]}]},{"@type":"ImageObject","inLanguage":"fr-FR","@id":"https:\/\/les-chiendents.fr\/index.php\/2026\/02\/18\/21-11-2021-jugez-vous-memes\/#primaryimage","url":"https:\/\/les-chiendents.fr\/wp-content\/uploads\/2026\/02\/sommet-de-rio.webp","contentUrl":"https:\/\/les-chiendents.fr\/wp-content\/uploads\/2026\/02\/sommet-de-rio.webp","width":493,"height":328},{"@type":"BreadcrumbList","@id":"https:\/\/les-chiendents.fr\/index.php\/2026\/02\/18\/21-11-2021-jugez-vous-memes\/#breadcrumb","itemListElement":[{"@type":"ListItem","position":1,"name":"Accueil","item":"https:\/\/les-chiendents.fr\/"},{"@type":"ListItem","position":2,"name":"(21-11-2021) Jugez vous-m\u00eames"}]},{"@type":"WebSite","@id":"https:\/\/les-chiendents.fr\/#website","url":"https:\/\/les-chiendents.fr\/","name":"Les Chiendents","description":"&quot;Une mauvaise herbe est une plante dont les vertus n&#039;ont pas encore \u00e9t\u00e9 d\u00e9couvertes.&quot; R.W. Emerson","publisher":{"@id":"https:\/\/les-chiendents.fr\/#organization"},"potentialAction":[{"@type":"SearchAction","target":{"@type":"EntryPoint","urlTemplate":"https:\/\/les-chiendents.fr\/?s={search_term_string}"},"query-input":{"@type":"PropertyValueSpecification","valueRequired":true,"valueName":"search_term_string"}}],"inLanguage":"fr-FR"},{"@type":"Organization","@id":"https:\/\/les-chiendents.fr\/#organization","name":"Les Chiendents","url":"https:\/\/les-chiendents.fr\/","logo":{"@type":"ImageObject","inLanguage":"fr-FR","@id":"https:\/\/les-chiendents.fr\/#\/schema\/logo\/image\/","url":"https:\/\/les-chiendents.fr\/wp-content\/uploads\/2024\/12\/logo-chiendents.png","contentUrl":"https:\/\/les-chiendents.fr\/wp-content\/uploads\/2024\/12\/logo-chiendents.png","width":388,"height":409,"caption":"Les Chiendents"},"image":{"@id":"https:\/\/les-chiendents.fr\/#\/schema\/logo\/image\/"},"sameAs":["https:\/\/www.instagram.com\/les_chiendents\/"]},{"@type":"Person","@id":"https:\/\/les-chiendents.fr\/#\/schema\/person\/f94bb6899784daf39ba42b1e951abd83","name":"Scolopendre","image":{"@type":"ImageObject","inLanguage":"fr-FR","@id":"https:\/\/les-chiendents.fr\/#\/schema\/person\/image\/","url":"https:\/\/secure.gravatar.com\/avatar\/8ce04e9a0ff67b99b0fe850eb00f28309a458bd087a7401dde5963891c52f696?s=96&d=mm&r=g","contentUrl":"https:\/\/secure.gravatar.com\/avatar\/8ce04e9a0ff67b99b0fe850eb00f28309a458bd087a7401dde5963891c52f696?s=96&d=mm&r=g","caption":"Scolopendre"},"sameAs":["http:\/\/les-chiendents.fr"],"url":"https:\/\/les-chiendents.fr\/index.php\/author\/admin15100\/"}]}},"_links":{"self":[{"href":"https:\/\/les-chiendents.fr\/index.php\/wp-json\/wp\/v2\/posts\/875","targetHints":{"allow":["GET"]}}],"collection":[{"href":"https:\/\/les-chiendents.fr\/index.php\/wp-json\/wp\/v2\/posts"}],"about":[{"href":"https:\/\/les-chiendents.fr\/index.php\/wp-json\/wp\/v2\/types\/post"}],"author":[{"embeddable":true,"href":"https:\/\/les-chiendents.fr\/index.php\/wp-json\/wp\/v2\/users\/1"}],"replies":[{"embeddable":true,"href":"https:\/\/les-chiendents.fr\/index.php\/wp-json\/wp\/v2\/comments?post=875"}],"version-history":[{"count":3,"href":"https:\/\/les-chiendents.fr\/index.php\/wp-json\/wp\/v2\/posts\/875\/revisions"}],"predecessor-version":[{"id":879,"href":"https:\/\/les-chiendents.fr\/index.php\/wp-json\/wp\/v2\/posts\/875\/revisions\/879"}],"wp:featuredmedia":[{"embeddable":true,"href":"https:\/\/les-chiendents.fr\/index.php\/wp-json\/wp\/v2\/media\/878"}],"wp:attachment":[{"href":"https:\/\/les-chiendents.fr\/index.php\/wp-json\/wp\/v2\/media?parent=875"}],"wp:term":[{"taxonomy":"category","embeddable":true,"href":"https:\/\/les-chiendents.fr\/index.php\/wp-json\/wp\/v2\/categories?post=875"},{"taxonomy":"post_tag","embeddable":true,"href":"https:\/\/les-chiendents.fr\/index.php\/wp-json\/wp\/v2\/tags?post=875"}],"curies":[{"name":"wp","href":"https:\/\/api.w.org\/{rel}","templated":true}]}}