{"id":883,"date":"2026-02-18T23:05:10","date_gmt":"2026-02-18T22:05:10","guid":{"rendered":"https:\/\/les-chiendents.fr\/?p=883"},"modified":"2026-02-18T23:07:20","modified_gmt":"2026-02-18T22:07:20","slug":"copie-de-17-09-2022-jugez-vous-memes","status":"publish","type":"post","link":"https:\/\/les-chiendents.fr\/index.php\/2026\/02\/18\/copie-de-17-09-2022-jugez-vous-memes\/","title":{"rendered":"(17-09-2022) Jugez vous-m\u00eames"},"content":{"rendered":"<div class=\"wp-block-image\">\n<figure class=\"aligncenter size-full is-resized\"><img loading=\"lazy\" decoding=\"async\" width=\"1054\" height=\"754\" src=\"https:\/\/les-chiendents.fr\/wp-content\/uploads\/2026\/02\/responsable-mais-pas-coupable.png\" alt=\"\" class=\"wp-image-884\" style=\"width:625px;height:auto\" srcset=\"https:\/\/les-chiendents.fr\/wp-content\/uploads\/2026\/02\/responsable-mais-pas-coupable.png 1054w, https:\/\/les-chiendents.fr\/wp-content\/uploads\/2026\/02\/responsable-mais-pas-coupable-300x215.png 300w, https:\/\/les-chiendents.fr\/wp-content\/uploads\/2026\/02\/responsable-mais-pas-coupable-1024x733.png 1024w, https:\/\/les-chiendents.fr\/wp-content\/uploads\/2026\/02\/responsable-mais-pas-coupable-768x549.png 768w\" sizes=\"auto, (max-width: 1054px) 100vw, 1054px\" \/><figcaption class=\"wp-element-caption\"><em>\u00ab\u00a0Responsable mais pas coupable\u00a0\u00bb<\/em><\/figcaption><\/figure>\n<\/div>\n\n\n<div style=\"height:10px\" aria-hidden=\"true\" class=\"wp-block-spacer\"><\/div>\n\n\n\n<p>Vous connaissez mon opinion : les hommes politiques ont une lourde responsabilit\u00e9 dans les d\u00e9r\u00e8glements de la plan\u00e8te, notamment dans le domaine environnemental. Toutes leurs belles d\u00e9clarations n\u2019ont jamais \u00e9t\u00e9 suivies des actions suffisantes et ont retard\u00e9 la mise en place de la transition, qui aurait d\u00fb (pu) d\u00e9marrer d\u00e8s 1974 apr\u00e8s le premier choc p\u00e9trolier ou, au pire, apr\u00e8s le deuxi\u00e8me, en 1979. Ce sentimentalisme environnemental bidon, j\u2019appelle cela <em>l\u2019\u00e9cologie champagne<\/em> ; beaucoup de mousse et de bulles, mais, \u00e0 la fin, il n\u2019y a pas grand-chose dans le verre.<\/p>\n\n\n\n<p>Voici trois d\u00e9clarations de pr\u00e9sidents fran\u00e7ais ; \u00e0 vous de voir ce qu\u2019elles ont donn\u00e9 de concret.<\/p>\n\n\n\n<blockquote class=\"wp-block-quote is-layout-flow wp-block-quote-is-layout-flow\">\n<p>Georges Pompidou, Chicago, 28 f\u00e9vrier 1970 : <em>\u00ab L\u2019emprise de l\u2019homme sur la nature est telle qu\u2019elle comporte le risque de destruction de la nature elle-m\u00eame\u2026 \u00bb<\/em><\/p>\n<\/blockquote>\n\n\n\n<blockquote class=\"wp-block-quote is-layout-flow wp-block-quote-is-layout-flow\">\n<p>Jacques Chirac, Johannesburg, 2 septembre 2002 <em>\u00ab Notre maison br\u00fble et nous regardons ailleurs. La nature mutil\u00e9e, surexploit\u00e9e, ne parvient plus \u00e0 se reconstituer et nous refusons de l\u2019admettre [\u2026] La Terre et l\u2019humanit\u00e9 sont en p\u00e9ril et nous en sommes responsables. \u00bb<\/em><\/p>\n<\/blockquote>\n\n\n\n<blockquote class=\"wp-block-quote is-layout-flow wp-block-quote-is-layout-flow\">\n<p>Fran\u00e7ois Hollande, Paris, 25 avril 2016 <em>\u00ab Cette conf\u00e9rence environnementale est la premi\u00e8re, j\u2019allais dire post-COP21. C\u2019est un autre temps qui commence, c\u2019est une autre \u00e9poque. Il y aura l\u2019avant-Paris et l\u2019apr\u00e8s-Paris, et nous devons \u00eatre \u00e0 la hauteur\u2026 \u00bb<\/em><\/p>\n<\/blockquote>\n\n\n\n<p>\u00c9videmment, nous avons notre part de responsabilit\u00e9, nous consommateurs (m\u00eame semi-vertueux comme moi) dans les d\u00e9r\u00e8glements, ne serait-ce que par nos choix et nos exc\u00e8s de consommation. Mais nous n\u2019avons pas le pouvoir de d\u00e9cision.<\/p>\n\n\n\n<p><\/p>\n","protected":false},"excerpt":{"rendered":"<p>Vous connaissez mon opinion : les hommes politiques ont une lourde responsabilit\u00e9 dans les d\u00e9r\u00e8glements de la plan\u00e8te, notamment dans le domaine environnemental. Toutes leurs belles d\u00e9clarations n\u2019ont jamais \u00e9t\u00e9 suivies des actions suffisantes et ont retard\u00e9 la mise en place de la transition, qui aurait d\u00fb (pu) d\u00e9marrer d\u00e8s 1974 apr\u00e8s le premier choc&#8230;<\/p>\n","protected":false},"author":1,"featured_media":884,"comment_status":"open","ping_status":"open","sticky":false,"template":"","format":"standard","meta":{"_acf_changed":false,"_kad_post_transparent":"","_kad_post_title":"","_kad_post_layout":"","_kad_post_sidebar_id":"","_kad_post_content_style":"","_kad_post_vertical_padding":"","_kad_post_feature":"","_kad_post_feature_position":"","_kad_post_header":false,"_kad_post_footer":false,"_kad_post_classname":"","footnotes":""},"categories":[13],"tags":[],"class_list":["post-883","post","type-post","status-publish","format-standard","has-post-thumbnail","hentry","category-jugez-vous-memes"],"acf":[],"yoast_head":"<!-- This site is optimized with the Yoast SEO plugin v27.1.1 - https:\/\/yoast.com\/product\/yoast-seo-wordpress\/ -->\n<title>(17-09-2022) Jugez vous-m\u00eames - Les Chiendents<\/title>\n<meta name=\"robots\" content=\"index, follow, max-snippet:-1, max-image-preview:large, max-video-preview:-1\" \/>\n<link rel=\"canonical\" href=\"https:\/\/les-chiendents.fr\/index.php\/2026\/02\/18\/copie-de-17-09-2022-jugez-vous-memes\/\" \/>\n<meta property=\"og:locale\" content=\"fr_FR\" \/>\n<meta property=\"og:type\" content=\"article\" \/>\n<meta property=\"og:title\" content=\"(17-09-2022) Jugez vous-m\u00eames - Les Chiendents\" \/>\n<meta property=\"og:description\" content=\"Vous connaissez mon opinion : les hommes politiques ont une lourde responsabilit\u00e9 dans les d\u00e9r\u00e8glements de la plan\u00e8te, notamment dans le domaine environnemental. Toutes leurs belles d\u00e9clarations n\u2019ont jamais \u00e9t\u00e9 suivies des actions suffisantes et ont retard\u00e9 la mise en place de la transition, qui aurait d\u00fb (pu) d\u00e9marrer d\u00e8s 1974 apr\u00e8s le premier choc...\" \/>\n<meta property=\"og:url\" content=\"https:\/\/les-chiendents.fr\/index.php\/2026\/02\/18\/copie-de-17-09-2022-jugez-vous-memes\/\" \/>\n<meta property=\"og:site_name\" content=\"Les Chiendents\" \/>\n<meta property=\"article:published_time\" content=\"2026-02-18T22:05:10+00:00\" \/>\n<meta property=\"article:modified_time\" content=\"2026-02-18T22:07:20+00:00\" \/>\n<meta property=\"og:image\" content=\"https:\/\/les-chiendents.fr\/wp-content\/uploads\/2026\/02\/responsable-mais-pas-coupable.png\" \/>\n\t<meta property=\"og:image:width\" content=\"1054\" \/>\n\t<meta property=\"og:image:height\" content=\"754\" \/>\n\t<meta property=\"og:image:type\" content=\"image\/png\" \/>\n<meta name=\"author\" content=\"Scolopendre\" \/>\n<meta name=\"twitter:card\" content=\"summary_large_image\" \/>\n<meta name=\"twitter:label1\" content=\"\u00c9crit par\" \/>\n\t<meta name=\"twitter:data1\" content=\"Scolopendre\" \/>\n\t<meta name=\"twitter:label2\" content=\"Dur\u00e9e de lecture estim\u00e9e\" \/>\n\t<meta name=\"twitter:data2\" content=\"2 minutes\" \/>\n<script type=\"application\/ld+json\" class=\"yoast-schema-graph\">{\"@context\":\"https:\/\/schema.org\",\"@graph\":[{\"@type\":\"Article\",\"@id\":\"https:\/\/les-chiendents.fr\/index.php\/2026\/02\/18\/copie-de-17-09-2022-jugez-vous-memes\/#article\",\"isPartOf\":{\"@id\":\"https:\/\/les-chiendents.fr\/index.php\/2026\/02\/18\/copie-de-17-09-2022-jugez-vous-memes\/\"},\"author\":{\"name\":\"Scolopendre\",\"@id\":\"https:\/\/les-chiendents.fr\/#\/schema\/person\/f94bb6899784daf39ba42b1e951abd83\"},\"headline\":\"(17-09-2022) Jugez vous-m\u00eames\",\"datePublished\":\"2026-02-18T22:05:10+00:00\",\"dateModified\":\"2026-02-18T22:07:20+00:00\",\"mainEntityOfPage\":{\"@id\":\"https:\/\/les-chiendents.fr\/index.php\/2026\/02\/18\/copie-de-17-09-2022-jugez-vous-memes\/\"},\"wordCount\":283,\"commentCount\":0,\"publisher\":{\"@id\":\"https:\/\/les-chiendents.fr\/#organization\"},\"image\":{\"@id\":\"https:\/\/les-chiendents.fr\/index.php\/2026\/02\/18\/copie-de-17-09-2022-jugez-vous-memes\/#primaryimage\"},\"thumbnailUrl\":\"https:\/\/les-chiendents.fr\/wp-content\/uploads\/2026\/02\/responsable-mais-pas-coupable.png\",\"articleSection\":[\"Jugez vous-m\u00eames\"],\"inLanguage\":\"fr-FR\",\"potentialAction\":[{\"@type\":\"CommentAction\",\"name\":\"Comment\",\"target\":[\"https:\/\/les-chiendents.fr\/index.php\/2026\/02\/18\/copie-de-17-09-2022-jugez-vous-memes\/#respond\"]}]},{\"@type\":\"WebPage\",\"@id\":\"https:\/\/les-chiendents.fr\/index.php\/2026\/02\/18\/copie-de-17-09-2022-jugez-vous-memes\/\",\"url\":\"https:\/\/les-chiendents.fr\/index.php\/2026\/02\/18\/copie-de-17-09-2022-jugez-vous-memes\/\",\"name\":\"(17-09-2022) Jugez vous-m\u00eames - Les Chiendents\",\"isPartOf\":{\"@id\":\"https:\/\/les-chiendents.fr\/#website\"},\"primaryImageOfPage\":{\"@id\":\"https:\/\/les-chiendents.fr\/index.php\/2026\/02\/18\/copie-de-17-09-2022-jugez-vous-memes\/#primaryimage\"},\"image\":{\"@id\":\"https:\/\/les-chiendents.fr\/index.php\/2026\/02\/18\/copie-de-17-09-2022-jugez-vous-memes\/#primaryimage\"},\"thumbnailUrl\":\"https:\/\/les-chiendents.fr\/wp-content\/uploads\/2026\/02\/responsable-mais-pas-coupable.png\",\"datePublished\":\"2026-02-18T22:05:10+00:00\",\"dateModified\":\"2026-02-18T22:07:20+00:00\",\"breadcrumb\":{\"@id\":\"https:\/\/les-chiendents.fr\/index.php\/2026\/02\/18\/copie-de-17-09-2022-jugez-vous-memes\/#breadcrumb\"},\"inLanguage\":\"fr-FR\",\"potentialAction\":[{\"@type\":\"ReadAction\",\"target\":[\"https:\/\/les-chiendents.fr\/index.php\/2026\/02\/18\/copie-de-17-09-2022-jugez-vous-memes\/\"]}]},{\"@type\":\"ImageObject\",\"inLanguage\":\"fr-FR\",\"@id\":\"https:\/\/les-chiendents.fr\/index.php\/2026\/02\/18\/copie-de-17-09-2022-jugez-vous-memes\/#primaryimage\",\"url\":\"https:\/\/les-chiendents.fr\/wp-content\/uploads\/2026\/02\/responsable-mais-pas-coupable.png\",\"contentUrl\":\"https:\/\/les-chiendents.fr\/wp-content\/uploads\/2026\/02\/responsable-mais-pas-coupable.png\",\"width\":1054,\"height\":754},{\"@type\":\"BreadcrumbList\",\"@id\":\"https:\/\/les-chiendents.fr\/index.php\/2026\/02\/18\/copie-de-17-09-2022-jugez-vous-memes\/#breadcrumb\",\"itemListElement\":[{\"@type\":\"ListItem\",\"position\":1,\"name\":\"Accueil\",\"item\":\"https:\/\/les-chiendents.fr\/\"},{\"@type\":\"ListItem\",\"position\":2,\"name\":\"(17-09-2022) Jugez vous-m\u00eames\"}]},{\"@type\":\"WebSite\",\"@id\":\"https:\/\/les-chiendents.fr\/#website\",\"url\":\"https:\/\/les-chiendents.fr\/\",\"name\":\"Les Chiendents\",\"description\":\"&quot;Une mauvaise herbe est une plante dont les vertus n&#039;ont pas encore \u00e9t\u00e9 d\u00e9couvertes.&quot; R.W. Emerson\",\"publisher\":{\"@id\":\"https:\/\/les-chiendents.fr\/#organization\"},\"potentialAction\":[{\"@type\":\"SearchAction\",\"target\":{\"@type\":\"EntryPoint\",\"urlTemplate\":\"https:\/\/les-chiendents.fr\/?s={search_term_string}\"},\"query-input\":{\"@type\":\"PropertyValueSpecification\",\"valueRequired\":true,\"valueName\":\"search_term_string\"}}],\"inLanguage\":\"fr-FR\"},{\"@type\":\"Organization\",\"@id\":\"https:\/\/les-chiendents.fr\/#organization\",\"name\":\"Les Chiendents\",\"url\":\"https:\/\/les-chiendents.fr\/\",\"logo\":{\"@type\":\"ImageObject\",\"inLanguage\":\"fr-FR\",\"@id\":\"https:\/\/les-chiendents.fr\/#\/schema\/logo\/image\/\",\"url\":\"https:\/\/les-chiendents.fr\/wp-content\/uploads\/2024\/12\/logo-chiendents.png\",\"contentUrl\":\"https:\/\/les-chiendents.fr\/wp-content\/uploads\/2024\/12\/logo-chiendents.png\",\"width\":388,\"height\":409,\"caption\":\"Les Chiendents\"},\"image\":{\"@id\":\"https:\/\/les-chiendents.fr\/#\/schema\/logo\/image\/\"},\"sameAs\":[\"https:\/\/www.instagram.com\/les_chiendents\/\"]},{\"@type\":\"Person\",\"@id\":\"https:\/\/les-chiendents.fr\/#\/schema\/person\/f94bb6899784daf39ba42b1e951abd83\",\"name\":\"Scolopendre\",\"image\":{\"@type\":\"ImageObject\",\"inLanguage\":\"fr-FR\",\"@id\":\"https:\/\/les-chiendents.fr\/#\/schema\/person\/image\/\",\"url\":\"https:\/\/secure.gravatar.com\/avatar\/8ce04e9a0ff67b99b0fe850eb00f28309a458bd087a7401dde5963891c52f696?s=96&d=mm&r=g\",\"contentUrl\":\"https:\/\/secure.gravatar.com\/avatar\/8ce04e9a0ff67b99b0fe850eb00f28309a458bd087a7401dde5963891c52f696?s=96&d=mm&r=g\",\"caption\":\"Scolopendre\"},\"sameAs\":[\"http:\/\/les-chiendents.fr\"],\"url\":\"https:\/\/les-chiendents.fr\/index.php\/author\/admin15100\/\"}]}<\/script>\n<!-- \/ Yoast SEO plugin. -->","yoast_head_json":{"title":"(17-09-2022) Jugez vous-m\u00eames - Les Chiendents","robots":{"index":"index","follow":"follow","max-snippet":"max-snippet:-1","max-image-preview":"max-image-preview:large","max-video-preview":"max-video-preview:-1"},"canonical":"https:\/\/les-chiendents.fr\/index.php\/2026\/02\/18\/copie-de-17-09-2022-jugez-vous-memes\/","og_locale":"fr_FR","og_type":"article","og_title":"(17-09-2022) Jugez vous-m\u00eames - Les Chiendents","og_description":"Vous connaissez mon opinion : les hommes politiques ont une lourde responsabilit\u00e9 dans les d\u00e9r\u00e8glements de la plan\u00e8te, notamment dans le domaine environnemental. Toutes leurs belles d\u00e9clarations n\u2019ont jamais \u00e9t\u00e9 suivies des actions suffisantes et ont retard\u00e9 la mise en place de la transition, qui aurait d\u00fb (pu) d\u00e9marrer d\u00e8s 1974 apr\u00e8s le premier choc...","og_url":"https:\/\/les-chiendents.fr\/index.php\/2026\/02\/18\/copie-de-17-09-2022-jugez-vous-memes\/","og_site_name":"Les Chiendents","article_published_time":"2026-02-18T22:05:10+00:00","article_modified_time":"2026-02-18T22:07:20+00:00","og_image":[{"width":1054,"height":754,"url":"https:\/\/les-chiendents.fr\/wp-content\/uploads\/2026\/02\/responsable-mais-pas-coupable.png","type":"image\/png"}],"author":"Scolopendre","twitter_card":"summary_large_image","twitter_misc":{"\u00c9crit par":"Scolopendre","Dur\u00e9e de lecture estim\u00e9e":"2 minutes"},"schema":{"@context":"https:\/\/schema.org","@graph":[{"@type":"Article","@id":"https:\/\/les-chiendents.fr\/index.php\/2026\/02\/18\/copie-de-17-09-2022-jugez-vous-memes\/#article","isPartOf":{"@id":"https:\/\/les-chiendents.fr\/index.php\/2026\/02\/18\/copie-de-17-09-2022-jugez-vous-memes\/"},"author":{"name":"Scolopendre","@id":"https:\/\/les-chiendents.fr\/#\/schema\/person\/f94bb6899784daf39ba42b1e951abd83"},"headline":"(17-09-2022) Jugez vous-m\u00eames","datePublished":"2026-02-18T22:05:10+00:00","dateModified":"2026-02-18T22:07:20+00:00","mainEntityOfPage":{"@id":"https:\/\/les-chiendents.fr\/index.php\/2026\/02\/18\/copie-de-17-09-2022-jugez-vous-memes\/"},"wordCount":283,"commentCount":0,"publisher":{"@id":"https:\/\/les-chiendents.fr\/#organization"},"image":{"@id":"https:\/\/les-chiendents.fr\/index.php\/2026\/02\/18\/copie-de-17-09-2022-jugez-vous-memes\/#primaryimage"},"thumbnailUrl":"https:\/\/les-chiendents.fr\/wp-content\/uploads\/2026\/02\/responsable-mais-pas-coupable.png","articleSection":["Jugez vous-m\u00eames"],"inLanguage":"fr-FR","potentialAction":[{"@type":"CommentAction","name":"Comment","target":["https:\/\/les-chiendents.fr\/index.php\/2026\/02\/18\/copie-de-17-09-2022-jugez-vous-memes\/#respond"]}]},{"@type":"WebPage","@id":"https:\/\/les-chiendents.fr\/index.php\/2026\/02\/18\/copie-de-17-09-2022-jugez-vous-memes\/","url":"https:\/\/les-chiendents.fr\/index.php\/2026\/02\/18\/copie-de-17-09-2022-jugez-vous-memes\/","name":"(17-09-2022) Jugez vous-m\u00eames - Les Chiendents","isPartOf":{"@id":"https:\/\/les-chiendents.fr\/#website"},"primaryImageOfPage":{"@id":"https:\/\/les-chiendents.fr\/index.php\/2026\/02\/18\/copie-de-17-09-2022-jugez-vous-memes\/#primaryimage"},"image":{"@id":"https:\/\/les-chiendents.fr\/index.php\/2026\/02\/18\/copie-de-17-09-2022-jugez-vous-memes\/#primaryimage"},"thumbnailUrl":"https:\/\/les-chiendents.fr\/wp-content\/uploads\/2026\/02\/responsable-mais-pas-coupable.png","datePublished":"2026-02-18T22:05:10+00:00","dateModified":"2026-02-18T22:07:20+00:00","breadcrumb":{"@id":"https:\/\/les-chiendents.fr\/index.php\/2026\/02\/18\/copie-de-17-09-2022-jugez-vous-memes\/#breadcrumb"},"inLanguage":"fr-FR","potentialAction":[{"@type":"ReadAction","target":["https:\/\/les-chiendents.fr\/index.php\/2026\/02\/18\/copie-de-17-09-2022-jugez-vous-memes\/"]}]},{"@type":"ImageObject","inLanguage":"fr-FR","@id":"https:\/\/les-chiendents.fr\/index.php\/2026\/02\/18\/copie-de-17-09-2022-jugez-vous-memes\/#primaryimage","url":"https:\/\/les-chiendents.fr\/wp-content\/uploads\/2026\/02\/responsable-mais-pas-coupable.png","contentUrl":"https:\/\/les-chiendents.fr\/wp-content\/uploads\/2026\/02\/responsable-mais-pas-coupable.png","width":1054,"height":754},{"@type":"BreadcrumbList","@id":"https:\/\/les-chiendents.fr\/index.php\/2026\/02\/18\/copie-de-17-09-2022-jugez-vous-memes\/#breadcrumb","itemListElement":[{"@type":"ListItem","position":1,"name":"Accueil","item":"https:\/\/les-chiendents.fr\/"},{"@type":"ListItem","position":2,"name":"(17-09-2022) Jugez vous-m\u00eames"}]},{"@type":"WebSite","@id":"https:\/\/les-chiendents.fr\/#website","url":"https:\/\/les-chiendents.fr\/","name":"Les Chiendents","description":"&quot;Une mauvaise herbe est une plante dont les vertus n&#039;ont pas encore \u00e9t\u00e9 d\u00e9couvertes.&quot; R.W. Emerson","publisher":{"@id":"https:\/\/les-chiendents.fr\/#organization"},"potentialAction":[{"@type":"SearchAction","target":{"@type":"EntryPoint","urlTemplate":"https:\/\/les-chiendents.fr\/?s={search_term_string}"},"query-input":{"@type":"PropertyValueSpecification","valueRequired":true,"valueName":"search_term_string"}}],"inLanguage":"fr-FR"},{"@type":"Organization","@id":"https:\/\/les-chiendents.fr\/#organization","name":"Les Chiendents","url":"https:\/\/les-chiendents.fr\/","logo":{"@type":"ImageObject","inLanguage":"fr-FR","@id":"https:\/\/les-chiendents.fr\/#\/schema\/logo\/image\/","url":"https:\/\/les-chiendents.fr\/wp-content\/uploads\/2024\/12\/logo-chiendents.png","contentUrl":"https:\/\/les-chiendents.fr\/wp-content\/uploads\/2024\/12\/logo-chiendents.png","width":388,"height":409,"caption":"Les Chiendents"},"image":{"@id":"https:\/\/les-chiendents.fr\/#\/schema\/logo\/image\/"},"sameAs":["https:\/\/www.instagram.com\/les_chiendents\/"]},{"@type":"Person","@id":"https:\/\/les-chiendents.fr\/#\/schema\/person\/f94bb6899784daf39ba42b1e951abd83","name":"Scolopendre","image":{"@type":"ImageObject","inLanguage":"fr-FR","@id":"https:\/\/les-chiendents.fr\/#\/schema\/person\/image\/","url":"https:\/\/secure.gravatar.com\/avatar\/8ce04e9a0ff67b99b0fe850eb00f28309a458bd087a7401dde5963891c52f696?s=96&d=mm&r=g","contentUrl":"https:\/\/secure.gravatar.com\/avatar\/8ce04e9a0ff67b99b0fe850eb00f28309a458bd087a7401dde5963891c52f696?s=96&d=mm&r=g","caption":"Scolopendre"},"sameAs":["http:\/\/les-chiendents.fr"],"url":"https:\/\/les-chiendents.fr\/index.php\/author\/admin15100\/"}]}},"_links":{"self":[{"href":"https:\/\/les-chiendents.fr\/index.php\/wp-json\/wp\/v2\/posts\/883","targetHints":{"allow":["GET"]}}],"collection":[{"href":"https:\/\/les-chiendents.fr\/index.php\/wp-json\/wp\/v2\/posts"}],"about":[{"href":"https:\/\/les-chiendents.fr\/index.php\/wp-json\/wp\/v2\/types\/post"}],"author":[{"embeddable":true,"href":"https:\/\/les-chiendents.fr\/index.php\/wp-json\/wp\/v2\/users\/1"}],"replies":[{"embeddable":true,"href":"https:\/\/les-chiendents.fr\/index.php\/wp-json\/wp\/v2\/comments?post=883"}],"version-history":[{"count":3,"href":"https:\/\/les-chiendents.fr\/index.php\/wp-json\/wp\/v2\/posts\/883\/revisions"}],"predecessor-version":[{"id":888,"href":"https:\/\/les-chiendents.fr\/index.php\/wp-json\/wp\/v2\/posts\/883\/revisions\/888"}],"wp:featuredmedia":[{"embeddable":true,"href":"https:\/\/les-chiendents.fr\/index.php\/wp-json\/wp\/v2\/media\/884"}],"wp:attachment":[{"href":"https:\/\/les-chiendents.fr\/index.php\/wp-json\/wp\/v2\/media?parent=883"}],"wp:term":[{"taxonomy":"category","embeddable":true,"href":"https:\/\/les-chiendents.fr\/index.php\/wp-json\/wp\/v2\/categories?post=883"},{"taxonomy":"post_tag","embeddable":true,"href":"https:\/\/les-chiendents.fr\/index.php\/wp-json\/wp\/v2\/tags?post=883"}],"curies":[{"name":"wp","href":"https:\/\/api.w.org\/{rel}","templated":true}]}}