{"id":893,"date":"2026-02-18T23:23:07","date_gmt":"2026-02-18T22:23:07","guid":{"rendered":"https:\/\/les-chiendents.fr\/?p=893"},"modified":"2026-02-18T23:23:09","modified_gmt":"2026-02-18T22:23:09","slug":"11-02-2023-jugez-vous-memes","status":"publish","type":"post","link":"https:\/\/les-chiendents.fr\/index.php\/2026\/02\/18\/11-02-2023-jugez-vous-memes\/","title":{"rendered":"(11-02-2023) Jugez vous-m\u00eames"},"content":{"rendered":"<div class=\"wp-block-image\">\n<figure class=\"aligncenter size-full is-resized\"><img loading=\"lazy\" decoding=\"async\" width=\"1128\" height=\"752\" src=\"https:\/\/les-chiendents.fr\/wp-content\/uploads\/2026\/02\/message-de-menton.jpg\" alt=\"\" class=\"wp-image-858\" style=\"width:625px;height:auto\" srcset=\"https:\/\/les-chiendents.fr\/wp-content\/uploads\/2026\/02\/message-de-menton.jpg 1128w, https:\/\/les-chiendents.fr\/wp-content\/uploads\/2026\/02\/message-de-menton-300x200.jpg 300w, https:\/\/les-chiendents.fr\/wp-content\/uploads\/2026\/02\/message-de-menton-1024x683.jpg 1024w, https:\/\/les-chiendents.fr\/wp-content\/uploads\/2026\/02\/message-de-menton-768x512.jpg 768w\" sizes=\"auto, (max-width: 1128px) 100vw, 1128px\" \/><\/figure>\n<\/div>\n\n\n<div style=\"height:10px\" aria-hidden=\"true\" class=\"wp-block-spacer\"><\/div>\n\n\n\n<p>J\u2019\u00e9cris ce billet alors que la COP 28 se pr\u00e9pare \u00e0 accoucher de son habituelle souris (je ferai amende honorable si je me trompe) et cela m\u2019inspire cette r\u00e9flexion que les COP, enfil\u00e9es dans le temps comme les grains d\u2019un chapelet, nous disent qu\u2019un peu d\u2019histoire compar\u00e9e ne peut pas faire de mal. Souvenez-vous des cris de triomphe \u00e0 l\u2019issue de la COP 21, par exemple\u2026<\/p>\n\n\n\n<p>Aujourd\u2019hui, j\u2019aimerais plut\u00f4t vous parler des cris des scientifiques.<\/p>\n\n\n\n<p>Les premiers d\u00e9fenseurs de l\u2019environnement ont \u00e9t\u00e9 des artistes (cf. for\u00eat de Fontainebleau en 1837 par les peintres de Barbizon ou la source du Lison par la SPPEF d\u00e8s 1901) et des naturalistes, en particulier des botanistes (cf. le Sierra Club cr\u00e9\u00e9 par John Muir en 1892) ; d\u2019un c\u00f4t\u00e9 des hommes pr\u00e9occup\u00e9s de sauvegarder la beaut\u00e9 des paysages, de l\u2019autre des hommes de terrain, premiers t\u00e9moins des alt\u00e9rations environnementales.<\/p>\n\n\n\n<p>C\u2019est dire que les hommes de science m\u00e9ritent une place particuli\u00e8re dans la d\u00e9nonciation des menaces contre l\u2019environnement, ne serait-ce que parce qu\u2019on leur doit le mot <strong>\u00e9cologie<\/strong> qui, \u00e0 l\u2019origine, ne d\u00e9signe que le champ d\u2019\u00e9tude de l<strong>\u2019\u00e9cologue<\/strong>.<\/p>\n\n\n\n<p>Trois rep\u00e8res :<\/p>\n\n\n\n<blockquote class=\"wp-block-quote is-layout-flow wp-block-quote-is-layout-flow\">\n<p>F\u00e9vrier 1969, des savants r\u00e9unis au Mus\u00e9e de l\u2019Homme, \u00e0 Paris, d\u00e9clarent que <em>le monde entre dans<\/em> <em>une p\u00e9riode irr\u00e9versible de destruction \u00e9cologique<\/em>.<\/p>\n<\/blockquote>\n\n\n\n<blockquote class=\"wp-block-quote is-layout-flow wp-block-quote-is-layout-flow\">\n<p>Mai 1971, message de Menton : 2200 scientifiques avertissent contre <em>le danger sans pr\u00e9c\u00e9dent que<\/em> <em>fait courir \u00e0 l\u2019humanit\u00e9 la civilisation industrielle<\/em>.<\/p>\n<\/blockquote>\n\n\n\n<blockquote class=\"wp-block-quote is-layout-flow wp-block-quote-is-layout-flow\">\n<p>2023, une lueur d\u2019espoir, avec <em>L\u2019hypoth\u00e8se K<\/em> d\u2019Aur\u00e9lien Barrau et les actions des <em>Scientifiques en<\/em> <em>r\u00e9bellion<\/em>.<\/p>\n<\/blockquote>\n\n\n\n<div style=\"height:0px\" aria-hidden=\"true\" class=\"wp-block-spacer\"><\/div>\n\n\n\n<p><\/p>\n","protected":false},"excerpt":{"rendered":"<p>J\u2019\u00e9cris ce billet alors que la COP 28 se pr\u00e9pare \u00e0 accoucher de son habituelle souris (je ferai amende honorable si je me trompe) et cela m\u2019inspire cette r\u00e9flexion que les COP, enfil\u00e9es dans le temps comme les grains d\u2019un chapelet, nous disent qu\u2019un peu d\u2019histoire compar\u00e9e ne peut pas faire de mal. Souvenez-vous des&#8230;<\/p>\n","protected":false},"author":1,"featured_media":858,"comment_status":"open","ping_status":"open","sticky":false,"template":"","format":"standard","meta":{"_acf_changed":false,"_kad_post_transparent":"","_kad_post_title":"","_kad_post_layout":"","_kad_post_sidebar_id":"","_kad_post_content_style":"","_kad_post_vertical_padding":"","_kad_post_feature":"","_kad_post_feature_position":"","_kad_post_header":false,"_kad_post_footer":false,"_kad_post_classname":"","footnotes":""},"categories":[13],"tags":[],"class_list":["post-893","post","type-post","status-publish","format-standard","has-post-thumbnail","hentry","category-jugez-vous-memes"],"acf":[],"yoast_head":"<!-- This site is optimized with the Yoast SEO plugin v27.1.1 - https:\/\/yoast.com\/product\/yoast-seo-wordpress\/ -->\n<title>(11-02-2023) Jugez vous-m\u00eames - Les Chiendents<\/title>\n<meta name=\"robots\" content=\"index, follow, max-snippet:-1, max-image-preview:large, max-video-preview:-1\" \/>\n<link rel=\"canonical\" href=\"https:\/\/les-chiendents.fr\/index.php\/2026\/02\/18\/11-02-2023-jugez-vous-memes\/\" \/>\n<meta property=\"og:locale\" content=\"fr_FR\" \/>\n<meta property=\"og:type\" content=\"article\" \/>\n<meta property=\"og:title\" content=\"(11-02-2023) Jugez vous-m\u00eames - Les Chiendents\" \/>\n<meta property=\"og:description\" content=\"J\u2019\u00e9cris ce billet alors que la COP 28 se pr\u00e9pare \u00e0 accoucher de son habituelle souris (je ferai amende honorable si je me trompe) et cela m\u2019inspire cette r\u00e9flexion que les COP, enfil\u00e9es dans le temps comme les grains d\u2019un chapelet, nous disent qu\u2019un peu d\u2019histoire compar\u00e9e ne peut pas faire de mal. Souvenez-vous des...\" \/>\n<meta property=\"og:url\" content=\"https:\/\/les-chiendents.fr\/index.php\/2026\/02\/18\/11-02-2023-jugez-vous-memes\/\" \/>\n<meta property=\"og:site_name\" content=\"Les Chiendents\" \/>\n<meta property=\"article:published_time\" content=\"2026-02-18T22:23:07+00:00\" \/>\n<meta property=\"article:modified_time\" content=\"2026-02-18T22:23:09+00:00\" \/>\n<meta property=\"og:image\" content=\"https:\/\/les-chiendents.fr\/wp-content\/uploads\/2026\/02\/message-de-menton.jpg\" \/>\n\t<meta property=\"og:image:width\" content=\"1128\" \/>\n\t<meta property=\"og:image:height\" content=\"752\" \/>\n\t<meta property=\"og:image:type\" content=\"image\/jpeg\" \/>\n<meta name=\"author\" content=\"Scolopendre\" \/>\n<meta name=\"twitter:card\" content=\"summary_large_image\" \/>\n<meta name=\"twitter:label1\" content=\"\u00c9crit par\" \/>\n\t<meta name=\"twitter:data1\" content=\"Scolopendre\" \/>\n\t<meta name=\"twitter:label2\" content=\"Dur\u00e9e de lecture estim\u00e9e\" \/>\n\t<meta name=\"twitter:data2\" content=\"2 minutes\" \/>\n<script type=\"application\/ld+json\" class=\"yoast-schema-graph\">{\"@context\":\"https:\/\/schema.org\",\"@graph\":[{\"@type\":\"Article\",\"@id\":\"https:\/\/les-chiendents.fr\/index.php\/2026\/02\/18\/11-02-2023-jugez-vous-memes\/#article\",\"isPartOf\":{\"@id\":\"https:\/\/les-chiendents.fr\/index.php\/2026\/02\/18\/11-02-2023-jugez-vous-memes\/\"},\"author\":{\"name\":\"Scolopendre\",\"@id\":\"https:\/\/les-chiendents.fr\/#\/schema\/person\/f94bb6899784daf39ba42b1e951abd83\"},\"headline\":\"(11-02-2023) Jugez vous-m\u00eames\",\"datePublished\":\"2026-02-18T22:23:07+00:00\",\"dateModified\":\"2026-02-18T22:23:09+00:00\",\"mainEntityOfPage\":{\"@id\":\"https:\/\/les-chiendents.fr\/index.php\/2026\/02\/18\/11-02-2023-jugez-vous-memes\/\"},\"wordCount\":287,\"commentCount\":0,\"publisher\":{\"@id\":\"https:\/\/les-chiendents.fr\/#organization\"},\"image\":{\"@id\":\"https:\/\/les-chiendents.fr\/index.php\/2026\/02\/18\/11-02-2023-jugez-vous-memes\/#primaryimage\"},\"thumbnailUrl\":\"https:\/\/les-chiendents.fr\/wp-content\/uploads\/2026\/02\/message-de-menton.jpg\",\"articleSection\":[\"Jugez vous-m\u00eames\"],\"inLanguage\":\"fr-FR\",\"potentialAction\":[{\"@type\":\"CommentAction\",\"name\":\"Comment\",\"target\":[\"https:\/\/les-chiendents.fr\/index.php\/2026\/02\/18\/11-02-2023-jugez-vous-memes\/#respond\"]}]},{\"@type\":\"WebPage\",\"@id\":\"https:\/\/les-chiendents.fr\/index.php\/2026\/02\/18\/11-02-2023-jugez-vous-memes\/\",\"url\":\"https:\/\/les-chiendents.fr\/index.php\/2026\/02\/18\/11-02-2023-jugez-vous-memes\/\",\"name\":\"(11-02-2023) Jugez vous-m\u00eames - Les Chiendents\",\"isPartOf\":{\"@id\":\"https:\/\/les-chiendents.fr\/#website\"},\"primaryImageOfPage\":{\"@id\":\"https:\/\/les-chiendents.fr\/index.php\/2026\/02\/18\/11-02-2023-jugez-vous-memes\/#primaryimage\"},\"image\":{\"@id\":\"https:\/\/les-chiendents.fr\/index.php\/2026\/02\/18\/11-02-2023-jugez-vous-memes\/#primaryimage\"},\"thumbnailUrl\":\"https:\/\/les-chiendents.fr\/wp-content\/uploads\/2026\/02\/message-de-menton.jpg\",\"datePublished\":\"2026-02-18T22:23:07+00:00\",\"dateModified\":\"2026-02-18T22:23:09+00:00\",\"breadcrumb\":{\"@id\":\"https:\/\/les-chiendents.fr\/index.php\/2026\/02\/18\/11-02-2023-jugez-vous-memes\/#breadcrumb\"},\"inLanguage\":\"fr-FR\",\"potentialAction\":[{\"@type\":\"ReadAction\",\"target\":[\"https:\/\/les-chiendents.fr\/index.php\/2026\/02\/18\/11-02-2023-jugez-vous-memes\/\"]}]},{\"@type\":\"ImageObject\",\"inLanguage\":\"fr-FR\",\"@id\":\"https:\/\/les-chiendents.fr\/index.php\/2026\/02\/18\/11-02-2023-jugez-vous-memes\/#primaryimage\",\"url\":\"https:\/\/les-chiendents.fr\/wp-content\/uploads\/2026\/02\/message-de-menton.jpg\",\"contentUrl\":\"https:\/\/les-chiendents.fr\/wp-content\/uploads\/2026\/02\/message-de-menton.jpg\",\"width\":1128,\"height\":752},{\"@type\":\"BreadcrumbList\",\"@id\":\"https:\/\/les-chiendents.fr\/index.php\/2026\/02\/18\/11-02-2023-jugez-vous-memes\/#breadcrumb\",\"itemListElement\":[{\"@type\":\"ListItem\",\"position\":1,\"name\":\"Accueil\",\"item\":\"https:\/\/les-chiendents.fr\/\"},{\"@type\":\"ListItem\",\"position\":2,\"name\":\"(11-02-2023) Jugez vous-m\u00eames\"}]},{\"@type\":\"WebSite\",\"@id\":\"https:\/\/les-chiendents.fr\/#website\",\"url\":\"https:\/\/les-chiendents.fr\/\",\"name\":\"Les Chiendents\",\"description\":\"&quot;Une mauvaise herbe est une plante dont les vertus n&#039;ont pas encore \u00e9t\u00e9 d\u00e9couvertes.&quot; R.W. Emerson\",\"publisher\":{\"@id\":\"https:\/\/les-chiendents.fr\/#organization\"},\"potentialAction\":[{\"@type\":\"SearchAction\",\"target\":{\"@type\":\"EntryPoint\",\"urlTemplate\":\"https:\/\/les-chiendents.fr\/?s={search_term_string}\"},\"query-input\":{\"@type\":\"PropertyValueSpecification\",\"valueRequired\":true,\"valueName\":\"search_term_string\"}}],\"inLanguage\":\"fr-FR\"},{\"@type\":\"Organization\",\"@id\":\"https:\/\/les-chiendents.fr\/#organization\",\"name\":\"Les Chiendents\",\"url\":\"https:\/\/les-chiendents.fr\/\",\"logo\":{\"@type\":\"ImageObject\",\"inLanguage\":\"fr-FR\",\"@id\":\"https:\/\/les-chiendents.fr\/#\/schema\/logo\/image\/\",\"url\":\"https:\/\/les-chiendents.fr\/wp-content\/uploads\/2024\/12\/logo-chiendents.png\",\"contentUrl\":\"https:\/\/les-chiendents.fr\/wp-content\/uploads\/2024\/12\/logo-chiendents.png\",\"width\":388,\"height\":409,\"caption\":\"Les Chiendents\"},\"image\":{\"@id\":\"https:\/\/les-chiendents.fr\/#\/schema\/logo\/image\/\"},\"sameAs\":[\"https:\/\/www.instagram.com\/les_chiendents\/\"]},{\"@type\":\"Person\",\"@id\":\"https:\/\/les-chiendents.fr\/#\/schema\/person\/f94bb6899784daf39ba42b1e951abd83\",\"name\":\"Scolopendre\",\"image\":{\"@type\":\"ImageObject\",\"inLanguage\":\"fr-FR\",\"@id\":\"https:\/\/les-chiendents.fr\/#\/schema\/person\/image\/\",\"url\":\"https:\/\/secure.gravatar.com\/avatar\/8ce04e9a0ff67b99b0fe850eb00f28309a458bd087a7401dde5963891c52f696?s=96&d=mm&r=g\",\"contentUrl\":\"https:\/\/secure.gravatar.com\/avatar\/8ce04e9a0ff67b99b0fe850eb00f28309a458bd087a7401dde5963891c52f696?s=96&d=mm&r=g\",\"caption\":\"Scolopendre\"},\"sameAs\":[\"http:\/\/les-chiendents.fr\"],\"url\":\"https:\/\/les-chiendents.fr\/index.php\/author\/admin15100\/\"}]}<\/script>\n<!-- \/ Yoast SEO plugin. -->","yoast_head_json":{"title":"(11-02-2023) Jugez vous-m\u00eames - Les Chiendents","robots":{"index":"index","follow":"follow","max-snippet":"max-snippet:-1","max-image-preview":"max-image-preview:large","max-video-preview":"max-video-preview:-1"},"canonical":"https:\/\/les-chiendents.fr\/index.php\/2026\/02\/18\/11-02-2023-jugez-vous-memes\/","og_locale":"fr_FR","og_type":"article","og_title":"(11-02-2023) Jugez vous-m\u00eames - Les Chiendents","og_description":"J\u2019\u00e9cris ce billet alors que la COP 28 se pr\u00e9pare \u00e0 accoucher de son habituelle souris (je ferai amende honorable si je me trompe) et cela m\u2019inspire cette r\u00e9flexion que les COP, enfil\u00e9es dans le temps comme les grains d\u2019un chapelet, nous disent qu\u2019un peu d\u2019histoire compar\u00e9e ne peut pas faire de mal. Souvenez-vous des...","og_url":"https:\/\/les-chiendents.fr\/index.php\/2026\/02\/18\/11-02-2023-jugez-vous-memes\/","og_site_name":"Les Chiendents","article_published_time":"2026-02-18T22:23:07+00:00","article_modified_time":"2026-02-18T22:23:09+00:00","og_image":[{"width":1128,"height":752,"url":"https:\/\/les-chiendents.fr\/wp-content\/uploads\/2026\/02\/message-de-menton.jpg","type":"image\/jpeg"}],"author":"Scolopendre","twitter_card":"summary_large_image","twitter_misc":{"\u00c9crit par":"Scolopendre","Dur\u00e9e de lecture estim\u00e9e":"2 minutes"},"schema":{"@context":"https:\/\/schema.org","@graph":[{"@type":"Article","@id":"https:\/\/les-chiendents.fr\/index.php\/2026\/02\/18\/11-02-2023-jugez-vous-memes\/#article","isPartOf":{"@id":"https:\/\/les-chiendents.fr\/index.php\/2026\/02\/18\/11-02-2023-jugez-vous-memes\/"},"author":{"name":"Scolopendre","@id":"https:\/\/les-chiendents.fr\/#\/schema\/person\/f94bb6899784daf39ba42b1e951abd83"},"headline":"(11-02-2023) Jugez vous-m\u00eames","datePublished":"2026-02-18T22:23:07+00:00","dateModified":"2026-02-18T22:23:09+00:00","mainEntityOfPage":{"@id":"https:\/\/les-chiendents.fr\/index.php\/2026\/02\/18\/11-02-2023-jugez-vous-memes\/"},"wordCount":287,"commentCount":0,"publisher":{"@id":"https:\/\/les-chiendents.fr\/#organization"},"image":{"@id":"https:\/\/les-chiendents.fr\/index.php\/2026\/02\/18\/11-02-2023-jugez-vous-memes\/#primaryimage"},"thumbnailUrl":"https:\/\/les-chiendents.fr\/wp-content\/uploads\/2026\/02\/message-de-menton.jpg","articleSection":["Jugez vous-m\u00eames"],"inLanguage":"fr-FR","potentialAction":[{"@type":"CommentAction","name":"Comment","target":["https:\/\/les-chiendents.fr\/index.php\/2026\/02\/18\/11-02-2023-jugez-vous-memes\/#respond"]}]},{"@type":"WebPage","@id":"https:\/\/les-chiendents.fr\/index.php\/2026\/02\/18\/11-02-2023-jugez-vous-memes\/","url":"https:\/\/les-chiendents.fr\/index.php\/2026\/02\/18\/11-02-2023-jugez-vous-memes\/","name":"(11-02-2023) Jugez vous-m\u00eames - Les Chiendents","isPartOf":{"@id":"https:\/\/les-chiendents.fr\/#website"},"primaryImageOfPage":{"@id":"https:\/\/les-chiendents.fr\/index.php\/2026\/02\/18\/11-02-2023-jugez-vous-memes\/#primaryimage"},"image":{"@id":"https:\/\/les-chiendents.fr\/index.php\/2026\/02\/18\/11-02-2023-jugez-vous-memes\/#primaryimage"},"thumbnailUrl":"https:\/\/les-chiendents.fr\/wp-content\/uploads\/2026\/02\/message-de-menton.jpg","datePublished":"2026-02-18T22:23:07+00:00","dateModified":"2026-02-18T22:23:09+00:00","breadcrumb":{"@id":"https:\/\/les-chiendents.fr\/index.php\/2026\/02\/18\/11-02-2023-jugez-vous-memes\/#breadcrumb"},"inLanguage":"fr-FR","potentialAction":[{"@type":"ReadAction","target":["https:\/\/les-chiendents.fr\/index.php\/2026\/02\/18\/11-02-2023-jugez-vous-memes\/"]}]},{"@type":"ImageObject","inLanguage":"fr-FR","@id":"https:\/\/les-chiendents.fr\/index.php\/2026\/02\/18\/11-02-2023-jugez-vous-memes\/#primaryimage","url":"https:\/\/les-chiendents.fr\/wp-content\/uploads\/2026\/02\/message-de-menton.jpg","contentUrl":"https:\/\/les-chiendents.fr\/wp-content\/uploads\/2026\/02\/message-de-menton.jpg","width":1128,"height":752},{"@type":"BreadcrumbList","@id":"https:\/\/les-chiendents.fr\/index.php\/2026\/02\/18\/11-02-2023-jugez-vous-memes\/#breadcrumb","itemListElement":[{"@type":"ListItem","position":1,"name":"Accueil","item":"https:\/\/les-chiendents.fr\/"},{"@type":"ListItem","position":2,"name":"(11-02-2023) Jugez vous-m\u00eames"}]},{"@type":"WebSite","@id":"https:\/\/les-chiendents.fr\/#website","url":"https:\/\/les-chiendents.fr\/","name":"Les Chiendents","description":"&quot;Une mauvaise herbe est une plante dont les vertus n&#039;ont pas encore \u00e9t\u00e9 d\u00e9couvertes.&quot; R.W. Emerson","publisher":{"@id":"https:\/\/les-chiendents.fr\/#organization"},"potentialAction":[{"@type":"SearchAction","target":{"@type":"EntryPoint","urlTemplate":"https:\/\/les-chiendents.fr\/?s={search_term_string}"},"query-input":{"@type":"PropertyValueSpecification","valueRequired":true,"valueName":"search_term_string"}}],"inLanguage":"fr-FR"},{"@type":"Organization","@id":"https:\/\/les-chiendents.fr\/#organization","name":"Les Chiendents","url":"https:\/\/les-chiendents.fr\/","logo":{"@type":"ImageObject","inLanguage":"fr-FR","@id":"https:\/\/les-chiendents.fr\/#\/schema\/logo\/image\/","url":"https:\/\/les-chiendents.fr\/wp-content\/uploads\/2024\/12\/logo-chiendents.png","contentUrl":"https:\/\/les-chiendents.fr\/wp-content\/uploads\/2024\/12\/logo-chiendents.png","width":388,"height":409,"caption":"Les Chiendents"},"image":{"@id":"https:\/\/les-chiendents.fr\/#\/schema\/logo\/image\/"},"sameAs":["https:\/\/www.instagram.com\/les_chiendents\/"]},{"@type":"Person","@id":"https:\/\/les-chiendents.fr\/#\/schema\/person\/f94bb6899784daf39ba42b1e951abd83","name":"Scolopendre","image":{"@type":"ImageObject","inLanguage":"fr-FR","@id":"https:\/\/les-chiendents.fr\/#\/schema\/person\/image\/","url":"https:\/\/secure.gravatar.com\/avatar\/8ce04e9a0ff67b99b0fe850eb00f28309a458bd087a7401dde5963891c52f696?s=96&d=mm&r=g","contentUrl":"https:\/\/secure.gravatar.com\/avatar\/8ce04e9a0ff67b99b0fe850eb00f28309a458bd087a7401dde5963891c52f696?s=96&d=mm&r=g","caption":"Scolopendre"},"sameAs":["http:\/\/les-chiendents.fr"],"url":"https:\/\/les-chiendents.fr\/index.php\/author\/admin15100\/"}]}},"_links":{"self":[{"href":"https:\/\/les-chiendents.fr\/index.php\/wp-json\/wp\/v2\/posts\/893","targetHints":{"allow":["GET"]}}],"collection":[{"href":"https:\/\/les-chiendents.fr\/index.php\/wp-json\/wp\/v2\/posts"}],"about":[{"href":"https:\/\/les-chiendents.fr\/index.php\/wp-json\/wp\/v2\/types\/post"}],"author":[{"embeddable":true,"href":"https:\/\/les-chiendents.fr\/index.php\/wp-json\/wp\/v2\/users\/1"}],"replies":[{"embeddable":true,"href":"https:\/\/les-chiendents.fr\/index.php\/wp-json\/wp\/v2\/comments?post=893"}],"version-history":[{"count":1,"href":"https:\/\/les-chiendents.fr\/index.php\/wp-json\/wp\/v2\/posts\/893\/revisions"}],"predecessor-version":[{"id":894,"href":"https:\/\/les-chiendents.fr\/index.php\/wp-json\/wp\/v2\/posts\/893\/revisions\/894"}],"wp:featuredmedia":[{"embeddable":true,"href":"https:\/\/les-chiendents.fr\/index.php\/wp-json\/wp\/v2\/media\/858"}],"wp:attachment":[{"href":"https:\/\/les-chiendents.fr\/index.php\/wp-json\/wp\/v2\/media?parent=893"}],"wp:term":[{"taxonomy":"category","embeddable":true,"href":"https:\/\/les-chiendents.fr\/index.php\/wp-json\/wp\/v2\/categories?post=893"},{"taxonomy":"post_tag","embeddable":true,"href":"https:\/\/les-chiendents.fr\/index.php\/wp-json\/wp\/v2\/tags?post=893"}],"curies":[{"name":"wp","href":"https:\/\/api.w.org\/{rel}","templated":true}]}}